{"id":3691,"date":"2023-01-01T12:00:53","date_gmt":"2023-01-01T12:00:53","guid":{"rendered":"https:\/\/agoragymjesolo.it\/zwei-wochen-agora-gym-jesolo-entrritt\/"},"modified":"2024-08-04T15:11:50","modified_gmt":"2024-08-04T15:11:50","slug":"zwei-wochen-agora-gym-jesolo-entrritt","status":"publish","type":"post","link":"https:\/\/agoragymjesolo.it\/de\/zwei-wochen-agora-gym-jesolo-entrritt\/","title":{"rendered":"Zwei Wochen Agor\u00e0 Gym Jesolo Entrritt"},"content":{"rendered":"<div class=\"fusion-fullwidth fullwidth-box fusion-builder-row-1 fusion-flex-container nonhundred-percent-fullwidth non-hundred-percent-height-scrolling\" style=\"--awb-border-radius-top-left:0px;--awb-border-radius-top-right:0px;--awb-border-radius-bottom-right:0px;--awb-border-radius-bottom-left:0px;--awb-flex-wrap:wrap;\" ><div class=\"fusion-builder-row fusion-row fusion-flex-align-items-flex-start fusion-flex-justify-content-center fusion-flex-content-wrap\" style=\"max-width:1248px;margin-left: calc(-4% \/ 2 );margin-right: calc(-4% \/ 2 );\"><div class=\"fusion-layout-column fusion_builder_column fusion-builder-column-0 fusion_builder_column_1_1 1_1 fusion-flex-column\" style=\"--awb-bg-size:cover;--awb-width-large:100%;--awb-margin-top-large:0px;--awb-spacing-right-large:1.92%;--awb-margin-bottom-large:0px;--awb-spacing-left-large:1.92%;--awb-width-medium:100%;--awb-order-medium:0;--awb-spacing-right-medium:1.92%;--awb-spacing-left-medium:1.92%;--awb-width-small:100%;--awb-order-small:0;--awb-spacing-right-small:1.92%;--awb-spacing-left-small:1.92%;\"><div class=\"fusion-column-wrapper fusion-column-has-shadow fusion-flex-justify-content-flex-start fusion-content-layout-column\"><div class=\"fusion-title title fusion-title-1 fusion-sep-none fusion-title-text fusion-title-size-four\" style=\"--awb-margin-bottom:30px;--awb-margin-top-small:10px;--awb-margin-right-small:0px;--awb-margin-bottom-small:10px;--awb-margin-left-small:0px;\"><h4 class=\"fusion-title-heading title-heading-left\" style=\"margin:0;\"><h2>Zwei Wochen Agor\u00e0 Gym Jesolo Entrritt<\/h2><\/h4><\/div><\/div><\/div><div class=\"fusion-layout-column fusion_builder_column fusion-builder-column-1 fusion_builder_column_1_1 1_1 fusion-flex-column\" style=\"--awb-bg-size:cover;--awb-width-large:100%;--awb-margin-top-large:0px;--awb-spacing-right-large:1.92%;--awb-margin-bottom-large:0px;--awb-spacing-left-large:1.92%;--awb-width-medium:100%;--awb-order-medium:0;--awb-spacing-right-medium:1.92%;--awb-spacing-left-medium:1.92%;--awb-width-small:100%;--awb-order-small:0;--awb-spacing-right-small:1.92%;--awb-spacing-left-small:1.92%;\"><div class=\"fusion-column-wrapper fusion-column-has-shadow fusion-flex-justify-content-flex-start fusion-content-layout-column\"><div class=\"fusion-text fusion-text-1\"><p>M\u00f6chten Sie w\u00e4hrend Ihres zweiw\u00f6chigen Urlaubs in Jesolo Lido trainieren? Das zweiw\u00f6chige Abonmement von Agor\u00e0 Gym ist die perfekte L\u00f6sung f\u00fcr Sie.<\/p>\n<p>Mit diesem Abonmement k\u00f6nnen Sie zwei Wochen g\u00fcnstig trainieren. Mit der Zwei Wochen Mitgliedschaft k\u00f6nnen Sie jederzeit auf das Fitnessstudio zugreifen, ohne langfristige Abonnementbeschr\u00e4nkungen und wann immer Sie m\u00f6chten.<\/p>\n<p>Agor\u00e0 Gym in Jesolo bietet eine \u00d6ffnungszeit, die sich an Ihren Lebensstil anpassen kann, egal ob Sie bei Sonnenaufgang, tags\u00fcber oder bei Sonnenuntergang trainieren m\u00fcssen. Ob vor dem Strand oder am Abend, die Agora ist immer f\u00fcr Sie da!<\/p>\n<p>Wie viel kostet eine zweiw\u00f6chige Agor\u00e0 Gym Abonnement? Das Abonnement f\u00fcr zwei Wochen im Fitnessstudio von Jesolo Agor\u00e0 Gym kostet 48 Euro.<\/p>\n<p>Wenn Sie eine l\u00e4ngere Abonnementoption ben\u00f6tigen, bietet Agor\u00e0 Gym auch viertelj\u00e4hrliche, halbj\u00e4hrliche und j\u00e4hrliche Optionen zu g\u00fcnstigen Preisen an. Dar\u00fcber hinaus verf\u00fcgt das Fitnessstudio \u00fcber moderne und hochmoderne Ger\u00e4te sowie qualifiziertes und freundliches Personal, das Ihnen helfen kann, Ihre Fitnessziele zu erreichen.<\/p>\n<\/div><div class=\"fusion-image-element awb-imageframe-style awb-imageframe-style-below awb-imageframe-style-1\" style=\"text-align:center;--awb-margin-top:50px;--awb-margin-bottom:30px;--awb-caption-text-size:var(--awb-typography5-font-size);--awb-caption-text-transform:var(--awb-typography5-text-transform);--awb-caption-text-line-height:var(--awb-typography5-line-height);--awb-caption-text-letter-spacing:var(--awb-typography5-letter-spacing);--awb-caption-margin-top:20px;--awb-caption-margin-bottom:40px;--awb-caption-title-font-family:var(--awb-typography5-font-family);--awb-caption-title-font-weight:var(--awb-typography5-font-weight);--awb-caption-title-font-style:var(--awb-typography5-font-style);--awb-caption-title-size:var(--awb-typography5-font-size);--awb-caption-title-transform:var(--awb-typography5-text-transform);--awb-caption-title-line-height:var(--awb-typography5-line-height);--awb-caption-title-letter-spacing:var(--awb-typography5-letter-spacing);--awb-caption-text-font-family:var(--awb-typography5-font-family);--awb-caption-text-font-weight:var(--awb-typography5-font-weight);--awb-caption-text-font-style:var(--awb-typography5-font-style);\"><span class=\" fusion-imageframe imageframe-none imageframe-1 hover-type-none\"><img decoding=\"async\" width=\"1200\" height=\"1200\" title=\"orari palestra agora gym jesolo\" src=\"https:\/\/agoragymjesolo.it\/wp-content\/uploads\/2023\/07\/orari-palestra-agora-gym-jesolo.jpg\" data-orig-src=\"https:\/\/agoragymjesolo.it\/wp-content\/uploads\/2023\/07\/orari-palestra-agora-gym-jesolo.jpg\" alt class=\"lazyload img-responsive wp-image-3264\" srcset=\"data:image\/svg+xml,%3Csvg%20xmlns%3D%27http%3A%2F%2Fwww.w3.org%2F2000%2Fsvg%27%20width%3D%271200%27%20height%3D%271200%27%20viewBox%3D%270%200%201200%201200%27%3E%3Crect%20width%3D%271200%27%20height%3D%271200%27%20fill-opacity%3D%220%22%2F%3E%3C%2Fsvg%3E\" data-srcset=\"https:\/\/agoragymjesolo.it\/wp-content\/uploads\/2023\/07\/orari-palestra-agora-gym-jesolo-200x200.jpg 200w, https:\/\/agoragymjesolo.it\/wp-content\/uploads\/2023\/07\/orari-palestra-agora-gym-jesolo-400x400.jpg 400w, https:\/\/agoragymjesolo.it\/wp-content\/uploads\/2023\/07\/orari-palestra-agora-gym-jesolo-600x600.jpg 600w, https:\/\/agoragymjesolo.it\/wp-content\/uploads\/2023\/07\/orari-palestra-agora-gym-jesolo-800x800.jpg 800w, https:\/\/agoragymjesolo.it\/wp-content\/uploads\/2023\/07\/orari-palestra-agora-gym-jesolo.jpg 1200w\" data-sizes=\"auto\" data-orig-sizes=\"(max-width: 700px) 100vw, 1200px\" \/><\/span><div class=\"awb-imageframe-caption-container\"><div class=\"awb-imageframe-caption\"><h2 class=\"awb-imageframe-caption-title\">\u00d6ffnungszeiten des Agor\u00e0 Gym in Lido di Jesolo<\/h2><\/div><\/div><\/div><div class=\"fusion-text fusion-text-2\"><p style=\"text-align: center;\">Ben\u00f6tigen Sie weitere Informationen zu \u00d6ffnungszeiten, Kosten oder Dienstleistungen von Agor\u00e0 Gym? Z\u00f6gern Sie nicht, uns zu kontaktieren, um alle Antworten zu erhalten!<\/p>\n<\/div><div style=\"text-align:center;\"><a class=\"fusion-button button-flat fusion-button-default-size button-default fusion-button-default button-1 fusion-button-default-span fusion-button-default-type\" style=\"--button_margin-top:50px;--button_margin-bottom:50px;\" target=\"_self\" href=\"https:\/\/agoragymjesolo.it\/de\/kontakte\/\"><span class=\"fusion-button-text awb-button__text awb-button__text--default\">Mehr Informationen anfordern<\/span><\/a><\/div><\/div><\/div><\/div><\/div>\n","protected":false},"excerpt":{"rendered":"","protected":false},"author":6,"featured_media":4143,"comment_status":"open","ping_status":"closed","sticky":false,"template":"","format":"standard","meta":{"footnotes":""},"categories":[118],"tags":[119,124,123,122,126,120,125,121,127,129,135],"class_list":["post-3691","post","type-post","status-publish","format-standard","has-post-thumbnail","hentry","category-preise","tag-agora-gym-jesolo-de","tag-bodybuilder-de","tag-bodybuilding-de","tag-bodybuilding-rennen","tag-fitnessstudio-in-jesolo","tag-jesolo-lido-de","tag-kraftraum-jesolo","tag-kraftraum-training","tag-taglicher-eintritt-ins-fitnessstudio","tag-wochentlicher-eintritt-ins-fitnessstudio","tag-zwei-wochen-agora-gym-jesolo-entrritt"],"yoast_head":"<!-- This site is optimized with the Yoast SEO plugin v27.3 - https:\/\/yoast.com\/product\/yoast-seo-wordpress\/ -->\n<title>Zwei Wochen Agor\u00e0 Gym Jesolo Entrritt - AgoraGymJesolo<\/title>\n<meta name=\"description\" content=\"Zwei Wochen Agor\u00e0 Gym Entrritt, Informationen zu betreten und weiterhin den Aufbau der besten Version von sich selbst.\" \/>\n<meta name=\"robots\" content=\"index, follow, max-snippet:-1, max-image-preview:large, max-video-preview:-1\" \/>\n<link rel=\"canonical\" href=\"https:\/\/agoragymjesolo.it\/de\/zwei-wochen-agora-gym-jesolo-entrritt\/\" \/>\n<meta property=\"og:locale\" content=\"de_DE\" \/>\n<meta property=\"og:type\" content=\"article\" \/>\n<meta property=\"og:title\" content=\"Zwei Wochen Agor\u00e0 Gym Jesolo Entrritt - AgoraGymJesolo\" \/>\n<meta property=\"og:description\" content=\"Zwei Wochen Agor\u00e0 Gym Entrritt, Informationen zu betreten und weiterhin den Aufbau der besten Version von sich selbst.\" \/>\n<meta property=\"og:url\" content=\"https:\/\/agoragymjesolo.it\/de\/zwei-wochen-agora-gym-jesolo-entrritt\/\" \/>\n<meta property=\"og:site_name\" content=\"AgoraGymJesolo\" \/>\n<meta property=\"article:published_time\" content=\"2023-01-01T12:00:53+00:00\" \/>\n<meta property=\"article:modified_time\" content=\"2024-08-04T15:11:50+00:00\" \/>\n<meta property=\"og:image\" content=\"https:\/\/agoragymjesolo.it\/wp-content\/uploads\/2023\/10\/ingresso-due-settimane-1.jpg\" \/>\n\t<meta property=\"og:image:width\" content=\"1080\" \/>\n\t<meta property=\"og:image:height\" content=\"1080\" \/>\n\t<meta property=\"og:image:type\" content=\"image\/jpeg\" \/>\n<meta name=\"author\" content=\"A S\" \/>\n<meta name=\"twitter:card\" content=\"summary_large_image\" \/>\n<meta name=\"twitter:label1\" content=\"Verfasst von\" \/>\n\t<meta name=\"twitter:data1\" content=\"A S\" \/>\n\t<meta name=\"twitter:label2\" content=\"Gesch\u00e4tzte Lesezeit\" \/>\n\t<meta name=\"twitter:data2\" content=\"2\u00a0Minuten\" \/>\n<script type=\"application\/ld+json\" class=\"yoast-schema-graph\">{\"@context\":\"https:\\\/\\\/schema.org\",\"@graph\":[{\"@type\":\"Article\",\"@id\":\"https:\\\/\\\/agoragymjesolo.it\\\/de\\\/zwei-wochen-agora-gym-jesolo-entrritt\\\/#article\",\"isPartOf\":{\"@id\":\"https:\\\/\\\/agoragymjesolo.it\\\/de\\\/zwei-wochen-agora-gym-jesolo-entrritt\\\/\"},\"author\":{\"name\":\"A S\",\"@id\":\"https:\\\/\\\/agoragymjesolo.it\\\/de\\\/#\\\/schema\\\/person\\\/bd6b9e61b0f13ae3a9fd73fdda141105\"},\"headline\":\"Zwei Wochen Agor\u00e0 Gym Jesolo Entrritt\",\"datePublished\":\"2023-01-01T12:00:53+00:00\",\"dateModified\":\"2024-08-04T15:11:50+00:00\",\"mainEntityOfPage\":{\"@id\":\"https:\\\/\\\/agoragymjesolo.it\\\/de\\\/zwei-wochen-agora-gym-jesolo-entrritt\\\/\"},\"wordCount\":1580,\"commentCount\":0,\"image\":{\"@id\":\"https:\\\/\\\/agoragymjesolo.it\\\/de\\\/zwei-wochen-agora-gym-jesolo-entrritt\\\/#primaryimage\"},\"thumbnailUrl\":\"https:\\\/\\\/agoragymjesolo.it\\\/wp-content\\\/uploads\\\/2023\\\/10\\\/ingresso-due-settimane-1.jpg\",\"keywords\":[\"agor\u00e0 gym jesolo\",\"bodybuilder\",\"bodybuilding\",\"bodybuilding rennen\",\"fitnessstudio in jesolo\",\"jesolo lido\",\"kraftraum Jesolo\",\"kraftraum-Training\",\"t\u00e4glicher Eintritt ins Fitnessstudio\",\"w\u00f6chentlicher Eintritt ins Fitnessstudio\",\"zwei Wochen Agor\u00e0 Gym Jesolo Entrritt\"],\"articleSection\":[\"preise\"],\"inLanguage\":\"de\",\"potentialAction\":[{\"@type\":\"CommentAction\",\"name\":\"Comment\",\"target\":[\"https:\\\/\\\/agoragymjesolo.it\\\/de\\\/zwei-wochen-agora-gym-jesolo-entrritt\\\/#respond\"]}]},{\"@type\":\"WebPage\",\"@id\":\"https:\\\/\\\/agoragymjesolo.it\\\/de\\\/zwei-wochen-agora-gym-jesolo-entrritt\\\/\",\"url\":\"https:\\\/\\\/agoragymjesolo.it\\\/de\\\/zwei-wochen-agora-gym-jesolo-entrritt\\\/\",\"name\":\"Zwei Wochen Agor\u00e0 Gym Jesolo Entrritt - AgoraGymJesolo\",\"isPartOf\":{\"@id\":\"https:\\\/\\\/agoragymjesolo.it\\\/de\\\/#website\"},\"primaryImageOfPage\":{\"@id\":\"https:\\\/\\\/agoragymjesolo.it\\\/de\\\/zwei-wochen-agora-gym-jesolo-entrritt\\\/#primaryimage\"},\"image\":{\"@id\":\"https:\\\/\\\/agoragymjesolo.it\\\/de\\\/zwei-wochen-agora-gym-jesolo-entrritt\\\/#primaryimage\"},\"thumbnailUrl\":\"https:\\\/\\\/agoragymjesolo.it\\\/wp-content\\\/uploads\\\/2023\\\/10\\\/ingresso-due-settimane-1.jpg\",\"datePublished\":\"2023-01-01T12:00:53+00:00\",\"dateModified\":\"2024-08-04T15:11:50+00:00\",\"author\":{\"@id\":\"https:\\\/\\\/agoragymjesolo.it\\\/de\\\/#\\\/schema\\\/person\\\/bd6b9e61b0f13ae3a9fd73fdda141105\"},\"description\":\"Zwei Wochen Agor\u00e0 Gym Entrritt, Informationen zu betreten und weiterhin den Aufbau der besten Version von sich selbst.\",\"breadcrumb\":{\"@id\":\"https:\\\/\\\/agoragymjesolo.it\\\/de\\\/zwei-wochen-agora-gym-jesolo-entrritt\\\/#breadcrumb\"},\"inLanguage\":\"de\",\"potentialAction\":[{\"@type\":\"ReadAction\",\"target\":[\"https:\\\/\\\/agoragymjesolo.it\\\/de\\\/zwei-wochen-agora-gym-jesolo-entrritt\\\/\"]}]},{\"@type\":\"ImageObject\",\"inLanguage\":\"de\",\"@id\":\"https:\\\/\\\/agoragymjesolo.it\\\/de\\\/zwei-wochen-agora-gym-jesolo-entrritt\\\/#primaryimage\",\"url\":\"https:\\\/\\\/agoragymjesolo.it\\\/wp-content\\\/uploads\\\/2023\\\/10\\\/ingresso-due-settimane-1.jpg\",\"contentUrl\":\"https:\\\/\\\/agoragymjesolo.it\\\/wp-content\\\/uploads\\\/2023\\\/10\\\/ingresso-due-settimane-1.jpg\",\"width\":1080,\"height\":1080},{\"@type\":\"BreadcrumbList\",\"@id\":\"https:\\\/\\\/agoragymjesolo.it\\\/de\\\/zwei-wochen-agora-gym-jesolo-entrritt\\\/#breadcrumb\",\"itemListElement\":[{\"@type\":\"ListItem\",\"position\":1,\"name\":\"Home\",\"item\":\"https:\\\/\\\/agoragymjesolo.it\\\/de\\\/\"},{\"@type\":\"ListItem\",\"position\":2,\"name\":\"Zwei Wochen Agor\u00e0 Gym Jesolo Entrritt\"}]},{\"@type\":\"WebSite\",\"@id\":\"https:\\\/\\\/agoragymjesolo.it\\\/de\\\/#website\",\"url\":\"https:\\\/\\\/agoragymjesolo.it\\\/de\\\/\",\"name\":\"AgoraGymJesolo\",\"description\":\"Palestra a Jesolo con sala pesi\",\"potentialAction\":[{\"@type\":\"SearchAction\",\"target\":{\"@type\":\"EntryPoint\",\"urlTemplate\":\"https:\\\/\\\/agoragymjesolo.it\\\/de\\\/?s={search_term_string}\"},\"query-input\":{\"@type\":\"PropertyValueSpecification\",\"valueRequired\":true,\"valueName\":\"search_term_string\"}}],\"inLanguage\":\"de\"},{\"@type\":\"Person\",\"@id\":\"https:\\\/\\\/agoragymjesolo.it\\\/de\\\/#\\\/schema\\\/person\\\/bd6b9e61b0f13ae3a9fd73fdda141105\",\"name\":\"A S\",\"image\":{\"@type\":\"ImageObject\",\"inLanguage\":\"de\",\"@id\":\"https:\\\/\\\/secure.gravatar.com\\\/avatar\\\/d541e7b7e4f2cb47eae8c991bbeb996ac5afe340f65403615bc6680226048f51?s=96&d=mm&r=g\",\"url\":\"https:\\\/\\\/secure.gravatar.com\\\/avatar\\\/d541e7b7e4f2cb47eae8c991bbeb996ac5afe340f65403615bc6680226048f51?s=96&d=mm&r=g\",\"contentUrl\":\"https:\\\/\\\/secure.gravatar.com\\\/avatar\\\/d541e7b7e4f2cb47eae8c991bbeb996ac5afe340f65403615bc6680226048f51?s=96&d=mm&r=g\",\"caption\":\"A S\"}}]}<\/script>\n<!-- \/ Yoast SEO plugin. -->","yoast_head_json":{"title":"Zwei Wochen Agor\u00e0 Gym Jesolo Entrritt - AgoraGymJesolo","description":"Zwei Wochen Agor\u00e0 Gym Entrritt, Informationen zu betreten und weiterhin den Aufbau der besten Version von sich selbst.","robots":{"index":"index","follow":"follow","max-snippet":"max-snippet:-1","max-image-preview":"max-image-preview:large","max-video-preview":"max-video-preview:-1"},"canonical":"https:\/\/agoragymjesolo.it\/de\/zwei-wochen-agora-gym-jesolo-entrritt\/","og_locale":"de_DE","og_type":"article","og_title":"Zwei Wochen Agor\u00e0 Gym Jesolo Entrritt - AgoraGymJesolo","og_description":"Zwei Wochen Agor\u00e0 Gym Entrritt, Informationen zu betreten und weiterhin den Aufbau der besten Version von sich selbst.","og_url":"https:\/\/agoragymjesolo.it\/de\/zwei-wochen-agora-gym-jesolo-entrritt\/","og_site_name":"AgoraGymJesolo","article_published_time":"2023-01-01T12:00:53+00:00","article_modified_time":"2024-08-04T15:11:50+00:00","og_image":[{"width":1080,"height":1080,"url":"https:\/\/agoragymjesolo.it\/wp-content\/uploads\/2023\/10\/ingresso-due-settimane-1.jpg","type":"image\/jpeg"}],"author":"A S","twitter_card":"summary_large_image","twitter_misc":{"Verfasst von":"A S","Gesch\u00e4tzte Lesezeit":"2\u00a0Minuten"},"schema":{"@context":"https:\/\/schema.org","@graph":[{"@type":"Article","@id":"https:\/\/agoragymjesolo.it\/de\/zwei-wochen-agora-gym-jesolo-entrritt\/#article","isPartOf":{"@id":"https:\/\/agoragymjesolo.it\/de\/zwei-wochen-agora-gym-jesolo-entrritt\/"},"author":{"name":"A S","@id":"https:\/\/agoragymjesolo.it\/de\/#\/schema\/person\/bd6b9e61b0f13ae3a9fd73fdda141105"},"headline":"Zwei Wochen Agor\u00e0 Gym Jesolo Entrritt","datePublished":"2023-01-01T12:00:53+00:00","dateModified":"2024-08-04T15:11:50+00:00","mainEntityOfPage":{"@id":"https:\/\/agoragymjesolo.it\/de\/zwei-wochen-agora-gym-jesolo-entrritt\/"},"wordCount":1580,"commentCount":0,"image":{"@id":"https:\/\/agoragymjesolo.it\/de\/zwei-wochen-agora-gym-jesolo-entrritt\/#primaryimage"},"thumbnailUrl":"https:\/\/agoragymjesolo.it\/wp-content\/uploads\/2023\/10\/ingresso-due-settimane-1.jpg","keywords":["agor\u00e0 gym jesolo","bodybuilder","bodybuilding","bodybuilding rennen","fitnessstudio in jesolo","jesolo lido","kraftraum Jesolo","kraftraum-Training","t\u00e4glicher Eintritt ins Fitnessstudio","w\u00f6chentlicher Eintritt ins Fitnessstudio","zwei Wochen Agor\u00e0 Gym Jesolo Entrritt"],"articleSection":["preise"],"inLanguage":"de","potentialAction":[{"@type":"CommentAction","name":"Comment","target":["https:\/\/agoragymjesolo.it\/de\/zwei-wochen-agora-gym-jesolo-entrritt\/#respond"]}]},{"@type":"WebPage","@id":"https:\/\/agoragymjesolo.it\/de\/zwei-wochen-agora-gym-jesolo-entrritt\/","url":"https:\/\/agoragymjesolo.it\/de\/zwei-wochen-agora-gym-jesolo-entrritt\/","name":"Zwei Wochen Agor\u00e0 Gym Jesolo Entrritt - AgoraGymJesolo","isPartOf":{"@id":"https:\/\/agoragymjesolo.it\/de\/#website"},"primaryImageOfPage":{"@id":"https:\/\/agoragymjesolo.it\/de\/zwei-wochen-agora-gym-jesolo-entrritt\/#primaryimage"},"image":{"@id":"https:\/\/agoragymjesolo.it\/de\/zwei-wochen-agora-gym-jesolo-entrritt\/#primaryimage"},"thumbnailUrl":"https:\/\/agoragymjesolo.it\/wp-content\/uploads\/2023\/10\/ingresso-due-settimane-1.jpg","datePublished":"2023-01-01T12:00:53+00:00","dateModified":"2024-08-04T15:11:50+00:00","author":{"@id":"https:\/\/agoragymjesolo.it\/de\/#\/schema\/person\/bd6b9e61b0f13ae3a9fd73fdda141105"},"description":"Zwei Wochen Agor\u00e0 Gym Entrritt, Informationen zu betreten und weiterhin den Aufbau der besten Version von sich selbst.","breadcrumb":{"@id":"https:\/\/agoragymjesolo.it\/de\/zwei-wochen-agora-gym-jesolo-entrritt\/#breadcrumb"},"inLanguage":"de","potentialAction":[{"@type":"ReadAction","target":["https:\/\/agoragymjesolo.it\/de\/zwei-wochen-agora-gym-jesolo-entrritt\/"]}]},{"@type":"ImageObject","inLanguage":"de","@id":"https:\/\/agoragymjesolo.it\/de\/zwei-wochen-agora-gym-jesolo-entrritt\/#primaryimage","url":"https:\/\/agoragymjesolo.it\/wp-content\/uploads\/2023\/10\/ingresso-due-settimane-1.jpg","contentUrl":"https:\/\/agoragymjesolo.it\/wp-content\/uploads\/2023\/10\/ingresso-due-settimane-1.jpg","width":1080,"height":1080},{"@type":"BreadcrumbList","@id":"https:\/\/agoragymjesolo.it\/de\/zwei-wochen-agora-gym-jesolo-entrritt\/#breadcrumb","itemListElement":[{"@type":"ListItem","position":1,"name":"Home","item":"https:\/\/agoragymjesolo.it\/de\/"},{"@type":"ListItem","position":2,"name":"Zwei Wochen Agor\u00e0 Gym Jesolo Entrritt"}]},{"@type":"WebSite","@id":"https:\/\/agoragymjesolo.it\/de\/#website","url":"https:\/\/agoragymjesolo.it\/de\/","name":"AgoraGymJesolo","description":"Palestra a Jesolo con sala pesi","potentialAction":[{"@type":"SearchAction","target":{"@type":"EntryPoint","urlTemplate":"https:\/\/agoragymjesolo.it\/de\/?s={search_term_string}"},"query-input":{"@type":"PropertyValueSpecification","valueRequired":true,"valueName":"search_term_string"}}],"inLanguage":"de"},{"@type":"Person","@id":"https:\/\/agoragymjesolo.it\/de\/#\/schema\/person\/bd6b9e61b0f13ae3a9fd73fdda141105","name":"A S","image":{"@type":"ImageObject","inLanguage":"de","@id":"https:\/\/secure.gravatar.com\/avatar\/d541e7b7e4f2cb47eae8c991bbeb996ac5afe340f65403615bc6680226048f51?s=96&d=mm&r=g","url":"https:\/\/secure.gravatar.com\/avatar\/d541e7b7e4f2cb47eae8c991bbeb996ac5afe340f65403615bc6680226048f51?s=96&d=mm&r=g","contentUrl":"https:\/\/secure.gravatar.com\/avatar\/d541e7b7e4f2cb47eae8c991bbeb996ac5afe340f65403615bc6680226048f51?s=96&d=mm&r=g","caption":"A S"}}]}},"_links":{"self":[{"href":"https:\/\/agoragymjesolo.it\/de\/wp-json\/wp\/v2\/posts\/3691","targetHints":{"allow":["GET"]}}],"collection":[{"href":"https:\/\/agoragymjesolo.it\/de\/wp-json\/wp\/v2\/posts"}],"about":[{"href":"https:\/\/agoragymjesolo.it\/de\/wp-json\/wp\/v2\/types\/post"}],"author":[{"embeddable":true,"href":"https:\/\/agoragymjesolo.it\/de\/wp-json\/wp\/v2\/users\/6"}],"replies":[{"embeddable":true,"href":"https:\/\/agoragymjesolo.it\/de\/wp-json\/wp\/v2\/comments?post=3691"}],"version-history":[{"count":5,"href":"https:\/\/agoragymjesolo.it\/de\/wp-json\/wp\/v2\/posts\/3691\/revisions"}],"predecessor-version":[{"id":4620,"href":"https:\/\/agoragymjesolo.it\/de\/wp-json\/wp\/v2\/posts\/3691\/revisions\/4620"}],"wp:featuredmedia":[{"embeddable":true,"href":"https:\/\/agoragymjesolo.it\/de\/wp-json\/wp\/v2\/media\/4143"}],"wp:attachment":[{"href":"https:\/\/agoragymjesolo.it\/de\/wp-json\/wp\/v2\/media?parent=3691"}],"wp:term":[{"taxonomy":"category","embeddable":true,"href":"https:\/\/agoragymjesolo.it\/de\/wp-json\/wp\/v2\/categories?post=3691"},{"taxonomy":"post_tag","embeddable":true,"href":"https:\/\/agoragymjesolo.it\/de\/wp-json\/wp\/v2\/tags?post=3691"}],"curies":[{"name":"wp","href":"https:\/\/api.w.org\/{rel}","templated":true}]}}